{"id":39431,"date":"2025-04-29T14:24:44","date_gmt":"2025-04-29T14:24:44","guid":{"rendered":"https:\/\/www.home-original.eu\/?p=39431"},"modified":"2025-04-29T14:36:10","modified_gmt":"2025-04-29T14:36:10","slug":"peinture-figuratif-decoration-interieure","status":"publish","type":"post","link":"https:\/\/www.home-original.eu\/fr\/peinture-figuratif-decoration-interieure\/","title":{"rendered":"Peinture Figuratif : Oeuvres Originales pour une D\u00e9coration Parisienne \u00c9l\u00e9gante"},"content":{"rendered":"<p>La <strong>peinture figuratif<\/strong> est un choix intemporel pour ceux qui souhaitent apporter \u00e9l\u00e9gance, \u00e9motion et personnalit\u00e9 \u00e0 leur d\u00e9coration int\u00e9rieure. Chez Home Original, nous vous proposons une s\u00e9lection exclusive d&rsquo;<strong>\u0153uvres figuratives<\/strong> r\u00e9alis\u00e9es par des artistes contemporains, parfaites pour sublimer l&rsquo;authenticit\u00e9 des appartements parisiens et des int\u00e9rieurs modernes.<\/p><p>D\u00e9couvrez comment un <strong>tableau figuratif<\/strong> peut transformer votre espace de vie et refl\u00e9ter votre style unique.<\/p><h2 class=\"wp-block-heading\">Pourquoi choisir une Peinture Figuratif pour votre int\u00e9rieur ?<\/h2><p>La <strong>peinture figuratif<\/strong> permet une connexion \u00e9motionnelle imm\u00e9diate avec l&rsquo;observateur. Contrairement \u00e0 l&rsquo;art abstrait, elle repr\u00e9sente des sc\u00e8nes, des personnages ou des paysages reconnaissables, offrant ainsi une narration visuelle unique.<\/p><p><strong>Avantages d&rsquo;int\u00e9grer une \u0153uvre figurative dans votre d\u00e9coration :<\/strong><\/p><ul class=\"wp-block-list\"><li><strong>Ambiance chaleureuse<\/strong> : Les peintures figuratives insufflent de la vie et des \u00e9motions dans vos pi\u00e8ces.<\/li>\n\n<li><strong>Valorisation de l&rsquo;architecture<\/strong> : Elles s&rsquo;accordent parfaitement aux int\u00e9rieurs parisiens classiques et contemporains.<\/li>\n\n<li><strong>Personnalisation<\/strong> : Chaque tableau raconte une histoire et refl\u00e8te vos go\u00fbts personnels.<\/li>\n\n<li><strong>Investissement artistique<\/strong> : Une \u0153uvre originale peut prendre de la valeur avec le temps.<\/li><\/ul><div class=\"wp-block-image\"><figure class=\"aligncenter size-large is-resized\"><img decoding=\"async\" width=\"793\" height=\"1024\" src=\"https:\/\/www.home-original.eu\/wp-content\/uploads\/2023\/03\/TUTSIE-VERDE-793x1024.jpg\" alt=\"tableau figuratif contemporain &quot;Tutsie Verde&quot; \u2013 \u0153uvre figurative moderne pour d\u00e9coration int\u00e9rieure \u00e9l\u00e9gante\" class=\"wp-image-31471\" style=\"width:562px;height:auto\" srcset=\"https:\/\/www.home-original.eu\/wp-content\/uploads\/2023\/03\/TUTSIE-VERDE-793x1024.jpg 793w, https:\/\/www.home-original.eu\/wp-content\/uploads\/2023\/03\/TUTSIE-VERDE-232x300.jpg 232w, https:\/\/www.home-original.eu\/wp-content\/uploads\/2023\/03\/TUTSIE-VERDE-768x992.jpg 768w, https:\/\/www.home-original.eu\/wp-content\/uploads\/2023\/03\/TUTSIE-VERDE-1189x1536.jpg 1189w, https:\/\/www.home-original.eu\/wp-content\/uploads\/2023\/03\/TUTSIE-VERDE-1586x2048.jpg 1586w, https:\/\/www.home-original.eu\/wp-content\/uploads\/2023\/03\/TUTSIE-VERDE-600x775.jpg 600w, https:\/\/www.home-original.eu\/wp-content\/uploads\/2023\/03\/TUTSIE-VERDE-scaled.jpg 1982w\" sizes=\"(max-width: 793px) 100vw, 793px\" \/><figcaption class=\"wp-element-caption\"><a href=\"https:\/\/www.home-original.eu\/fr\/product\/tableau-tutsie-verde\/\" data-type=\"link\" data-id=\"https:\/\/www.home-original.eu\/fr\/product\/tableau-tutsie-verde\/\">Tutsie<\/a><\/figcaption><\/figure><\/div><h2 class=\"wp-block-heading\">Notre Collection d\u2019Oeuvres Figuratives<\/h2><figure class=\"wp-block-gallery has-nested-images columns-default is-cropped wp-block-gallery-2 is-layout-flex wp-block-gallery-is-layout-flex\"><figure class=\"wp-block-image size-large\"><a href=\"https:\/\/www.home-original.eu\/fr\/product\/tableau-gente-y-farol\/\"><img decoding=\"async\" width=\"960\" height=\"720\" data-id=\"9425\" src=\"https:\/\/www.home-original.eu\/wp-content\/uploads\/2021\/11\/GENTE-Y-FAROL.jpg\" alt=\"tableau figuratif contemporain \u2013 sc\u00e8ne de personnes marchant sous une lanterne, \u0153uvre id\u00e9ale pour d\u00e9coration int\u00e9rieure \u00e9l\u00e9gante\" class=\"wp-image-9425\" srcset=\"https:\/\/www.home-original.eu\/wp-content\/uploads\/2021\/11\/GENTE-Y-FAROL.jpg 960w, https:\/\/www.home-original.eu\/wp-content\/uploads\/2021\/11\/GENTE-Y-FAROL-300x225.jpg 300w, https:\/\/www.home-original.eu\/wp-content\/uploads\/2021\/11\/GENTE-Y-FAROL-768x576.jpg 768w, https:\/\/www.home-original.eu\/wp-content\/uploads\/2021\/11\/GENTE-Y-FAROL-600x450.jpg 600w\" sizes=\"(max-width: 960px) 100vw, 960px\" \/><\/a><\/figure>\n\n<figure class=\"wp-block-image size-large\"><a href=\"https:\/\/www.home-original.eu\/fr\/product\/tableau-alba\/\"><img decoding=\"async\" data-id=\"10149\" src=\"https:\/\/www.home-original.eu\/wp-content\/uploads\/2021\/10\/ALBA--1024x1009.jpg\" alt=\"tableau figuratif contemporain &quot;Alba&quot; \u2013 silhouettes \u00e9l\u00e9gantes pour une d\u00e9coration int\u00e9rieure moderne\" class=\"wp-image-10149\"\/><\/a><\/figure><\/figure><p><strong><a href=\"http:\/\/www.home-original.eu\/product-category\/figurative-paintings\/\">Voir la Collection de Peinture Figuratif<\/a><\/strong><\/p><h2 class=\"wp-block-heading\">Comment int\u00e9grer un Tableau Figuratif dans votre D\u00e9coration?<\/h2><p>Vous souhaitez int\u00e9grer une <strong>peinture figuratif<\/strong> \u00e0 votre int\u00e9rieur ? Voici quelques id\u00e9es :<\/p><ul class=\"wp-block-list\"><li><strong>Dans le salon<\/strong> : Un grand tableau figuratif au-dessus du canap\u00e9 ou de la chemin\u00e9e cr\u00e9era un point focal \u00e9l\u00e9gant.<\/li>\n\n<li><strong>Dans la chambre<\/strong> : Pr\u00e9f\u00e9rez des \u0153uvres aux teintes douces pour instaurer une atmosph\u00e8re sereine.<\/li>\n\n<li><strong>Dans l\u2019entr\u00e9e<\/strong> : Une petite \u0153uvre figurative accueillera vos invit\u00e9s avec charme et subtilit\u00e9<\/li><\/ul><figure class=\"wp-block-gallery has-nested-images columns-default is-cropped wp-block-gallery-3 is-layout-flex wp-block-gallery-is-layout-flex\"><figure class=\"wp-block-image size-large\"><a href=\"https:\/\/www.home-original.eu\/fr\/product\/tableau-gente-beige\/\"><img decoding=\"async\" width=\"960\" height=\"720\" data-id=\"9415\" src=\"https:\/\/www.home-original.eu\/wp-content\/uploads\/2021\/11\/GENTE-BEIGE.jpg\" alt=\"tableau figuratif contemporain &quot;Gente Beige&quot; \u2013 sc\u00e8ne minimaliste de personnes en mouvement, id\u00e9ale pour d\u00e9coration int\u00e9rieure moderne\" class=\"wp-image-9415\" srcset=\"https:\/\/www.home-original.eu\/wp-content\/uploads\/2021\/11\/GENTE-BEIGE.jpg 960w, https:\/\/www.home-original.eu\/wp-content\/uploads\/2021\/11\/GENTE-BEIGE-300x225.jpg 300w, https:\/\/www.home-original.eu\/wp-content\/uploads\/2021\/11\/GENTE-BEIGE-768x576.jpg 768w, https:\/\/www.home-original.eu\/wp-content\/uploads\/2021\/11\/GENTE-BEIGE-600x450.jpg 600w\" sizes=\"(max-width: 960px) 100vw, 960px\" \/><\/a><\/figure>\n\n<figure class=\"wp-block-image size-large\"><a href=\"https:\/\/www.home-original.eu\/fr\/product\/import-placeholder-for-730\/\"><img decoding=\"async\" width=\"960\" height=\"720\" data-id=\"9051\" src=\"https:\/\/www.home-original.eu\/wp-content\/uploads\/2022\/05\/cuadro-paso-de-cebra-4.jpg\" alt=\"\" class=\"wp-image-9051\" srcset=\"https:\/\/www.home-original.eu\/wp-content\/uploads\/2022\/05\/cuadro-paso-de-cebra-4.jpg 960w, https:\/\/www.home-original.eu\/wp-content\/uploads\/2022\/05\/cuadro-paso-de-cebra-4-300x225.jpg 300w, https:\/\/www.home-original.eu\/wp-content\/uploads\/2022\/05\/cuadro-paso-de-cebra-4-768x576.jpg 768w, https:\/\/www.home-original.eu\/wp-content\/uploads\/2022\/05\/cuadro-paso-de-cebra-4-600x450.jpg 600w\" sizes=\"(max-width: 960px) 100vw, 960px\" \/><\/a><\/figure><\/figure><h2 class=\"wp-block-heading\">L\u2019H\u00e9ritage de la Peinture Figurative<\/h2><p>La <strong>peinture figurative<\/strong> puise ses racines dans une riche tradition artistique, de chefs-d&rsquo;\u0153uvre intemporels tels que <em>La Jeune Fille \u00e0 la Perle<\/em> de Vermeer ou <em>Les M\u00e9nines<\/em> de Vel\u00e1zquez, jusqu&rsquo;aux cr\u00e9ations contemporaines vibrantes.<\/p><p>Chez <strong>Home Original<\/strong>, nous nous inspirons de cet h\u00e9ritage pour proposer des <strong>\u0153uvres figuratives modernes<\/strong> qui subliment les int\u00e9rieurs parisiens avec \u00e9l\u00e9gance et \u00e9motion.<\/p><p><strong><a href=\"https:\/\/www.home-original.eu\/fr\/categoria-producto\/peinture-figurative\/\">D\u00e9couvrir notre collection de peinture figuratif<\/a><\/strong><\/p><p><\/p><p>Transformez votre int\u00e9rieur parisien en une v\u00e9ritable galerie d&rsquo;art avec nos <strong>peintures figuratives originales<\/strong>. Chez Home Original, chaque \u0153uvre est soigneusement s\u00e9lectionn\u00e9e pour refl\u00e9ter \u00e9l\u00e9gance, \u00e9motion et singularit\u00e9.<\/p><p><\/p><p><\/p><p><\/p>","protected":false},"excerpt":{"rendered":"<p>La peinture figuratif est un choix intemporel pour ceux qui souhaitent apporter \u00e9l\u00e9gance, \u00e9motion et personnalit\u00e9 \u00e0 leur d\u00e9coration int\u00e9rieure. Chez Home Original, nous vous proposons une s\u00e9lection exclusive d&rsquo;\u0153uvres figuratives r\u00e9alis\u00e9es par des artistes contemporains, parfaites pour sublimer l&rsquo;authenticit\u00e9 des appartements parisiens et des int\u00e9rieurs modernes. D\u00e9couvrez comment un tableau figuratif peut transformer votre [&hellip;]<\/p>\n","protected":false},"author":2,"featured_media":0,"comment_status":"open","ping_status":"open","sticky":false,"template":"","format":"standard","meta":{"footnotes":""},"categories":[245],"tags":[],"class_list":["post-39431","post","type-post","status-publish","format-standard","hentry","category-non-classifiee"],"acf":[],"_links":{"self":[{"href":"https:\/\/www.home-original.eu\/fr\/wp-json\/wp\/v2\/posts\/39431","targetHints":{"allow":["GET"]}}],"collection":[{"href":"https:\/\/www.home-original.eu\/fr\/wp-json\/wp\/v2\/posts"}],"about":[{"href":"https:\/\/www.home-original.eu\/fr\/wp-json\/wp\/v2\/types\/post"}],"author":[{"embeddable":true,"href":"https:\/\/www.home-original.eu\/fr\/wp-json\/wp\/v2\/users\/2"}],"replies":[{"embeddable":true,"href":"https:\/\/www.home-original.eu\/fr\/wp-json\/wp\/v2\/comments?post=39431"}],"version-history":[{"count":1,"href":"https:\/\/www.home-original.eu\/fr\/wp-json\/wp\/v2\/posts\/39431\/revisions"}],"predecessor-version":[{"id":39432,"href":"https:\/\/www.home-original.eu\/fr\/wp-json\/wp\/v2\/posts\/39431\/revisions\/39432"}],"wp:attachment":[{"href":"https:\/\/www.home-original.eu\/fr\/wp-json\/wp\/v2\/media?parent=39431"}],"wp:term":[{"taxonomy":"category","embeddable":true,"href":"https:\/\/www.home-original.eu\/fr\/wp-json\/wp\/v2\/categories?post=39431"},{"taxonomy":"post_tag","embeddable":true,"href":"https:\/\/www.home-original.eu\/fr\/wp-json\/wp\/v2\/tags?post=39431"}],"curies":[{"name":"wp","href":"https:\/\/api.w.org\/{rel}","templated":true}]}}